{"id":88,"date":"2022-10-23T23:57:04","date_gmt":"2022-10-23T21:57:04","guid":{"rendered":"http:\/\/puericantores.pl\/?p=88"},"modified":"2022-10-24T22:25:28","modified_gmt":"2022-10-24T20:25:28","slug":"wielka-nowenna-modlitwy-dziekczynnej-za-30-lat-polskiej-federacji-pueri-cantores","status":"publish","type":"post","link":"http:\/\/puericantores.pl\/?p=88","title":{"rendered":"Wielka nowenna modlitwy dzi\u0119kczynnej za 30 lat Polskiej Federacji Pueri Cantores."},"content":{"rendered":"\n<p>W ka\u017cdym miesi\u0105cu w innej cz\u0119\u015bci Polski:<\/p>\n\n\n\n<ul class=\"wp-block-list\"><li>9 pa\u017adziernika 2021 r. w Limanowej &#8211; Msza \u015awi\u0119ta w Bazylice Matki Boskiej Bolesnej, \u015bpiew prowadzi\u0142 Ch\u00f3r tutejszej Bazyliki pod dyrekcj\u0105 p. Haliny Dyczek<\/li><li>22 listopada 2021 r. w Krakowie &#8211; Msza \u015awi\u0119ta w Centrum Jana Paw\u0142a II, \u015bpiew prowadzi\u0142y po\u0142\u0105czone ch\u00f3ry krakowskie: <em>Psalmodia<\/em>&nbsp;Uniwersytetu Jana Paw\u0142a II,&nbsp;<em>Pueri Cantores Cracoviensis&nbsp;<\/em>Archidiecezjalnej Szko\u0142y Muzycznej, Ch\u00f3r Szk\u00f3\u0142 Si\u00f3str Prezentek,&nbsp;<em>Pueri Cantores Sancti Joseph.&nbsp;<\/em>Po Mszy koncert ch\u00f3ru&nbsp;<em>Resonans Con Tutti&nbsp;<\/em>z Zabrza.<\/li><li>9 grudnia 2021 r. w Szczecinie<\/li><li>9 stycznia 2022 r. na Jasnej G\u00f3rze<\/li><li>9 lutego 2022 r. w Warszawie<\/li><li>9 marca 2022 r. w Turzy \u015al\u0105skiej<\/li><li>9 kwietnia 2022 r. w Lublinie<\/li><li>9 maja 2022 r. w Poznaniu<\/li><li>9 czerwca 2022 r. w Tarnowie<\/li><\/ul>\n","protected":false},"excerpt":{"rendered":"<p>W ka\u017cdym miesi\u0105cu w innej cz\u0119\u015bci Polski: 9 pa\u017adziernika 2021 r. w Limanowej &#8211; Msza \u015awi\u0119ta w Bazylice Matki Boskiej Bolesnej, \u015bpiew prowadzi\u0142 Ch\u00f3r tutejszej Bazyliki pod dyrekcj\u0105 &hellip;<\/p>\n","protected":false},"author":1,"featured_media":0,"comment_status":"closed","ping_status":"open","sticky":false,"template":"","format":"standard","meta":{"footnotes":""},"categories":[1],"tags":[],"class_list":["post-88","post","type-post","status-publish","format-standard","hentry","category-bez-kategorii"],"yoast_head":"<!-- This site is optimized with the Yoast SEO plugin v25.5 - https:\/\/yoast.com\/wordpress\/plugins\/seo\/ -->\n<title>Wielka nowenna modlitwy dzi\u0119kczynnej za 30 lat Polskiej Federacji Pueri Cantores. - Polska Federacja Pueri Cantores<\/title>\n<meta name=\"robots\" content=\"index, follow, max-snippet:-1, max-image-preview:large, max-video-preview:-1\" \/>\n<link rel=\"canonical\" href=\"https:\/\/puericantores.pl\/?p=88\" \/>\n<meta property=\"og:locale\" content=\"pl_PL\" \/>\n<meta property=\"og:type\" content=\"article\" \/>\n<meta property=\"og:title\" content=\"Wielka nowenna modlitwy dzi\u0119kczynnej za 30 lat Polskiej Federacji Pueri Cantores. - Polska Federacja Pueri Cantores\" \/>\n<meta property=\"og:description\" content=\"W ka\u017cdym miesi\u0105cu w innej cz\u0119\u015bci Polski: 9 pa\u017adziernika 2021 r. w Limanowej &#8211; Msza \u015awi\u0119ta w Bazylice Matki Boskiej Bolesnej, \u015bpiew prowadzi\u0142 Ch\u00f3r tutejszej Bazyliki pod dyrekcj\u0105 &hellip;\" \/>\n<meta property=\"og:url\" content=\"https:\/\/puericantores.pl\/?p=88\" \/>\n<meta property=\"og:site_name\" content=\"Polska Federacja Pueri Cantores\" \/>\n<meta property=\"article:published_time\" content=\"2022-10-23T21:57:04+00:00\" \/>\n<meta property=\"article:modified_time\" content=\"2022-10-24T20:25:28+00:00\" \/>\n<meta name=\"author\" content=\"dorota\" \/>\n<meta name=\"twitter:card\" content=\"summary_large_image\" \/>\n<meta name=\"twitter:label1\" content=\"Napisane przez\" \/>\n\t<meta name=\"twitter:data1\" content=\"dorota\" \/>\n\t<meta name=\"twitter:label2\" content=\"Szacowany czas czytania\" \/>\n\t<meta name=\"twitter:data2\" content=\"1 minuta\" \/>\n<script type=\"application\/ld+json\" class=\"yoast-schema-graph\">{\"@context\":\"https:\/\/schema.org\",\"@graph\":[{\"@type\":\"Article\",\"@id\":\"https:\/\/puericantores.pl\/?p=88#article\",\"isPartOf\":{\"@id\":\"https:\/\/puericantores.pl\/?p=88\"},\"author\":{\"name\":\"dorota\",\"@id\":\"http:\/\/puericantores.pl\/#\/schema\/person\/72db931f5f86651a459edf81c628993c\"},\"headline\":\"Wielka nowenna modlitwy dzi\u0119kczynnej za 30 lat Polskiej Federacji Pueri Cantores.\",\"datePublished\":\"2022-10-23T21:57:04+00:00\",\"dateModified\":\"2022-10-24T20:25:28+00:00\",\"mainEntityOfPage\":{\"@id\":\"https:\/\/puericantores.pl\/?p=88\"},\"wordCount\":140,\"publisher\":{\"@id\":\"http:\/\/puericantores.pl\/#organization\"},\"inLanguage\":\"pl-PL\"},{\"@type\":\"WebPage\",\"@id\":\"https:\/\/puericantores.pl\/?p=88\",\"url\":\"https:\/\/puericantores.pl\/?p=88\",\"name\":\"Wielka nowenna modlitwy dzi\u0119kczynnej za 30 lat Polskiej Federacji Pueri Cantores. - Polska Federacja Pueri Cantores\",\"isPartOf\":{\"@id\":\"http:\/\/puericantores.pl\/#website\"},\"datePublished\":\"2022-10-23T21:57:04+00:00\",\"dateModified\":\"2022-10-24T20:25:28+00:00\",\"breadcrumb\":{\"@id\":\"https:\/\/puericantores.pl\/?p=88#breadcrumb\"},\"inLanguage\":\"pl-PL\",\"potentialAction\":[{\"@type\":\"ReadAction\",\"target\":[\"https:\/\/puericantores.pl\/?p=88\"]}]},{\"@type\":\"BreadcrumbList\",\"@id\":\"https:\/\/puericantores.pl\/?p=88#breadcrumb\",\"itemListElement\":[{\"@type\":\"ListItem\",\"position\":1,\"name\":\"Home\",\"item\":\"http:\/\/puericantores.pl\/\"},{\"@type\":\"ListItem\",\"position\":2,\"name\":\"Wielka nowenna modlitwy dzi\u0119kczynnej za 30 lat Polskiej Federacji Pueri Cantores.\"}]},{\"@type\":\"WebSite\",\"@id\":\"http:\/\/puericantores.pl\/#website\",\"url\":\"http:\/\/puericantores.pl\/\",\"name\":\"Polska Federacja Pueri Cantores\",\"description\":\"\",\"publisher\":{\"@id\":\"http:\/\/puericantores.pl\/#organization\"},\"potentialAction\":[{\"@type\":\"SearchAction\",\"target\":{\"@type\":\"EntryPoint\",\"urlTemplate\":\"http:\/\/puericantores.pl\/?s={search_term_string}\"},\"query-input\":{\"@type\":\"PropertyValueSpecification\",\"valueRequired\":true,\"valueName\":\"search_term_string\"}}],\"inLanguage\":\"pl-PL\"},{\"@type\":\"Organization\",\"@id\":\"http:\/\/puericantores.pl\/#organization\",\"name\":\"Polska Federacja Pueri Cantores\",\"url\":\"http:\/\/puericantores.pl\/\",\"logo\":{\"@type\":\"ImageObject\",\"inLanguage\":\"pl-PL\",\"@id\":\"http:\/\/puericantores.pl\/#\/schema\/logo\/image\/\",\"url\":\"http:\/\/puericantores.pl\/wp-content\/uploads\/2022\/10\/cropped-cropped-pueri.png\",\"contentUrl\":\"http:\/\/puericantores.pl\/wp-content\/uploads\/2022\/10\/cropped-cropped-pueri.png\",\"width\":512,\"height\":512,\"caption\":\"Polska Federacja Pueri Cantores\"},\"image\":{\"@id\":\"http:\/\/puericantores.pl\/#\/schema\/logo\/image\/\"}},{\"@type\":\"Person\",\"@id\":\"http:\/\/puericantores.pl\/#\/schema\/person\/72db931f5f86651a459edf81c628993c\",\"name\":\"dorota\",\"sameAs\":[\"http:\/\/puericantores.pl\"],\"url\":\"http:\/\/puericantores.pl\/?author=1\"}]}<\/script>\n<!-- \/ Yoast SEO plugin. -->","yoast_head_json":{"title":"Wielka nowenna modlitwy dzi\u0119kczynnej za 30 lat Polskiej Federacji Pueri Cantores. - Polska Federacja Pueri Cantores","robots":{"index":"index","follow":"follow","max-snippet":"max-snippet:-1","max-image-preview":"max-image-preview:large","max-video-preview":"max-video-preview:-1"},"canonical":"https:\/\/puericantores.pl\/?p=88","og_locale":"pl_PL","og_type":"article","og_title":"Wielka nowenna modlitwy dzi\u0119kczynnej za 30 lat Polskiej Federacji Pueri Cantores. - Polska Federacja Pueri Cantores","og_description":"W ka\u017cdym miesi\u0105cu w innej cz\u0119\u015bci Polski: 9 pa\u017adziernika 2021 r. w Limanowej &#8211; Msza \u015awi\u0119ta w Bazylice Matki Boskiej Bolesnej, \u015bpiew prowadzi\u0142 Ch\u00f3r tutejszej Bazyliki pod dyrekcj\u0105 &hellip;","og_url":"https:\/\/puericantores.pl\/?p=88","og_site_name":"Polska Federacja Pueri Cantores","article_published_time":"2022-10-23T21:57:04+00:00","article_modified_time":"2022-10-24T20:25:28+00:00","author":"dorota","twitter_card":"summary_large_image","twitter_misc":{"Napisane przez":"dorota","Szacowany czas czytania":"1 minuta"},"schema":{"@context":"https:\/\/schema.org","@graph":[{"@type":"Article","@id":"https:\/\/puericantores.pl\/?p=88#article","isPartOf":{"@id":"https:\/\/puericantores.pl\/?p=88"},"author":{"name":"dorota","@id":"http:\/\/puericantores.pl\/#\/schema\/person\/72db931f5f86651a459edf81c628993c"},"headline":"Wielka nowenna modlitwy dzi\u0119kczynnej za 30 lat Polskiej Federacji Pueri Cantores.","datePublished":"2022-10-23T21:57:04+00:00","dateModified":"2022-10-24T20:25:28+00:00","mainEntityOfPage":{"@id":"https:\/\/puericantores.pl\/?p=88"},"wordCount":140,"publisher":{"@id":"http:\/\/puericantores.pl\/#organization"},"inLanguage":"pl-PL"},{"@type":"WebPage","@id":"https:\/\/puericantores.pl\/?p=88","url":"https:\/\/puericantores.pl\/?p=88","name":"Wielka nowenna modlitwy dzi\u0119kczynnej za 30 lat Polskiej Federacji Pueri Cantores. - Polska Federacja Pueri Cantores","isPartOf":{"@id":"http:\/\/puericantores.pl\/#website"},"datePublished":"2022-10-23T21:57:04+00:00","dateModified":"2022-10-24T20:25:28+00:00","breadcrumb":{"@id":"https:\/\/puericantores.pl\/?p=88#breadcrumb"},"inLanguage":"pl-PL","potentialAction":[{"@type":"ReadAction","target":["https:\/\/puericantores.pl\/?p=88"]}]},{"@type":"BreadcrumbList","@id":"https:\/\/puericantores.pl\/?p=88#breadcrumb","itemListElement":[{"@type":"ListItem","position":1,"name":"Home","item":"http:\/\/puericantores.pl\/"},{"@type":"ListItem","position":2,"name":"Wielka nowenna modlitwy dzi\u0119kczynnej za 30 lat Polskiej Federacji Pueri Cantores."}]},{"@type":"WebSite","@id":"http:\/\/puericantores.pl\/#website","url":"http:\/\/puericantores.pl\/","name":"Polska Federacja Pueri Cantores","description":"","publisher":{"@id":"http:\/\/puericantores.pl\/#organization"},"potentialAction":[{"@type":"SearchAction","target":{"@type":"EntryPoint","urlTemplate":"http:\/\/puericantores.pl\/?s={search_term_string}"},"query-input":{"@type":"PropertyValueSpecification","valueRequired":true,"valueName":"search_term_string"}}],"inLanguage":"pl-PL"},{"@type":"Organization","@id":"http:\/\/puericantores.pl\/#organization","name":"Polska Federacja Pueri Cantores","url":"http:\/\/puericantores.pl\/","logo":{"@type":"ImageObject","inLanguage":"pl-PL","@id":"http:\/\/puericantores.pl\/#\/schema\/logo\/image\/","url":"http:\/\/puericantores.pl\/wp-content\/uploads\/2022\/10\/cropped-cropped-pueri.png","contentUrl":"http:\/\/puericantores.pl\/wp-content\/uploads\/2022\/10\/cropped-cropped-pueri.png","width":512,"height":512,"caption":"Polska Federacja Pueri Cantores"},"image":{"@id":"http:\/\/puericantores.pl\/#\/schema\/logo\/image\/"}},{"@type":"Person","@id":"http:\/\/puericantores.pl\/#\/schema\/person\/72db931f5f86651a459edf81c628993c","name":"dorota","sameAs":["http:\/\/puericantores.pl"],"url":"http:\/\/puericantores.pl\/?author=1"}]}},"_links":{"self":[{"href":"http:\/\/puericantores.pl\/index.php?rest_route=\/wp\/v2\/posts\/88","targetHints":{"allow":["GET"]}}],"collection":[{"href":"http:\/\/puericantores.pl\/index.php?rest_route=\/wp\/v2\/posts"}],"about":[{"href":"http:\/\/puericantores.pl\/index.php?rest_route=\/wp\/v2\/types\/post"}],"author":[{"embeddable":true,"href":"http:\/\/puericantores.pl\/index.php?rest_route=\/wp\/v2\/users\/1"}],"replies":[{"embeddable":true,"href":"http:\/\/puericantores.pl\/index.php?rest_route=%2Fwp%2Fv2%2Fcomments&post=88"}],"version-history":[{"count":1,"href":"http:\/\/puericantores.pl\/index.php?rest_route=\/wp\/v2\/posts\/88\/revisions"}],"predecessor-version":[{"id":89,"href":"http:\/\/puericantores.pl\/index.php?rest_route=\/wp\/v2\/posts\/88\/revisions\/89"}],"wp:attachment":[{"href":"http:\/\/puericantores.pl\/index.php?rest_route=%2Fwp%2Fv2%2Fmedia&parent=88"}],"wp:term":[{"taxonomy":"category","embeddable":true,"href":"http:\/\/puericantores.pl\/index.php?rest_route=%2Fwp%2Fv2%2Fcategories&post=88"},{"taxonomy":"post_tag","embeddable":true,"href":"http:\/\/puericantores.pl\/index.php?rest_route=%2Fwp%2Fv2%2Ftags&post=88"}],"curies":[{"name":"wp","href":"https:\/\/api.w.org\/{rel}","templated":true}]}}