{"id":90,"date":"2022-10-23T23:57:57","date_gmt":"2022-10-23T21:57:57","guid":{"rendered":"http:\/\/puericantores.pl\/?p=90"},"modified":"2022-10-24T22:25:28","modified_gmt":"2022-10-24T20:25:28","slug":"xi-kongres-polskiej-federacji-pueri-cantores-juz-pod-koniec-lipca-w-krakowie","status":"publish","type":"post","link":"http:\/\/puericantores.pl\/?p=90","title":{"rendered":"XI Kongres Polskiej Federacji Pueri Cantores ju\u017c pod koniec lipca w Krakowie."},"content":{"rendered":"\n<p>Po przerwie spowodowanej pandemi\u0105 Kongres Polskiej Federacji Pueri Cantores powraca ze<br>zdwojon\u0105 si\u0142\u0105!<br>&nbsp;<br>IX edycja Kongresu odb\u0119dzie si\u0119 w stolicy Ma\u0142opolski. Do miasta kr\u00f3l\u00f3w przyb\u0119dzie 21<br>roz\u015bpiewanych ch\u00f3r\u00f3w z ca\u0142ej Polski oraz W\u0119gier i Bia\u0142orusi! Oznacza to, \u017ce na ulicach<br>Krakowa pojawi si\u0119 ponad 650 roz\u015bpiewanych uczestnik\u00f3w Kongresu.<br>&nbsp;<br>Od 28 do 31 lipca czeka na Pa\u0144stwa masa wydarze\u0144 muzycznych m.in. Koncert Galowy w<br>Filharmonii Krakowskiej czy seria koncert\u00f3w w krakowskich ko\u015bcio\u0142ach w ramach ,,Nocy<br>Ch\u00f3r\u00f3w&#8221;. Podczas Kongresu ch\u00f3ry b\u0119d\u0105 koncertowa\u0107 nie tylko w Krakowie, ale r\u00f3wnie\u017c na<br>terenie Wojew\u00f3dztwa Ma\u0142opolskiego m.in. w Tarnowie, Wadowicach, Zakopanem, Olkuszu<br>i Nowym S\u0105czu.<br>&nbsp;<br>W tym roku przy organizacji Kongresu pracuj\u0105 zrzeszone w Federacji Krakowskie ch\u00f3ry:<br>Psalmodia, Ch\u00f3r Szk\u00f3\u0142 Si\u00f3str Prezentek w Krakowie, Ch\u0142opi\u0119cy Ch\u00f3r Pueri Cantores Sancti<br>Joseph. Zaanga\u017cowani s\u0105 nie tylko dyrygenci i ch\u00f3rzy\u015bci, ale r\u00f3wnie\u017c absolwenci, rodzice<br>ch\u00f3rzyst\u00f3w i osoby zaprzyja\u017anione i zwi\u0105zane z zespo\u0142ami. Mo\u017cemy si\u0119 pochwali\u0107, \u017ce<br>autork\u0105 tegorocznego loga jest utalentowana nie tylko pod wzgl\u0119dem graficznym, ale<br>r\u00f3wnie\u017c muzycznym, by\u0142a ch\u00f3rzystka Psalmodii, Agata Drobniak. Ponadto w tym roku<br>jednoczymy si\u0142y z Festiwalem Ch\u00f3r\u00f3w Ch\u0142opi\u0119cych organizowanym przez Filharmoni\u0119<br>Krakowsk\u0105<br>&nbsp;<br>XI Kongres Polskiej Federacji Pueri Cantores patronatem obj\u0119li: prezydent Miasta Krak\u00f3w<br>Jacek Majchrowski, Abp Marek J\u0119draszewski, Rektor UPJP2 ks. Prof. Robert Tyra\u0142a.<br>Partnerem G\u0142\u00f3wnym wydarzenia jest Wojew\u00f3dztwo Ma\u0142opolskie.<br>&nbsp;<br>Zach\u0119camy do \u015bledzenia naszej strony oraz strony Facebook w celu uzyskania<br>szczeg\u00f3\u0142owych informacji! Ju\u017c nied\u0142ugo zaprezentujemy Pa\u0144stwu szczeg\u00f3\u0142owy plan<br>Kongresu.<br>&nbsp;<br>Partnerem G\u0142\u00f3wnym wydarzenia jest Wojew\u00f3dztwo Ma\u0142opolskie.<\/p>\n\n\n<div class=\"wp-block-image\">\n<figure class=\"alignleft is-resized\"><img fetchpriority=\"high\" decoding=\"async\" src=\"http:\/\/testpc.pc-limanowa.pl\/wordpress_test_pc\/wp-content\/uploads\/2022\/08\/pueri-final2-krajowy-644x1024.png\" alt=\"\" class=\"wp-image-384\" width=\"405\" height=\"644\"\/><\/figure>\n<\/div>\n\n<div class=\"wp-block-image\">\n<figure class=\"aligncenter is-resized\"><img decoding=\"async\" src=\"http:\/\/testpc.pc-limanowa.pl\/wordpress_test_pc\/wp-content\/uploads\/2022\/08\/Logo-Maopolska-V-RGB-1.png\" alt=\"\" class=\"wp-image-386\" width=\"411\" height=\"213\"\/><\/figure>\n<\/div>","protected":false},"excerpt":{"rendered":"<p>Po przerwie spowodowanej pandemi\u0105 Kongres Polskiej Federacji Pueri Cantores powraca zezdwojon\u0105 si\u0142\u0105!&nbsp;IX edycja Kongresu odb\u0119dzie si\u0119 w stolicy Ma\u0142opolski. Do miasta kr\u00f3l\u00f3w przyb\u0119dzie 21roz\u015bpiewanych ch\u00f3r\u00f3w z ca\u0142ej Polski &hellip;<\/p>\n","protected":false},"author":1,"featured_media":0,"comment_status":"closed","ping_status":"open","sticky":false,"template":"","format":"standard","meta":{"footnotes":""},"categories":[1],"tags":[],"class_list":["post-90","post","type-post","status-publish","format-standard","hentry","category-bez-kategorii"],"yoast_head":"<!-- This site is optimized with the Yoast SEO plugin v25.5 - https:\/\/yoast.com\/wordpress\/plugins\/seo\/ -->\n<title>XI Kongres Polskiej Federacji Pueri Cantores ju\u017c pod koniec lipca w Krakowie. - Polska Federacja Pueri Cantores<\/title>\n<meta name=\"robots\" content=\"index, follow, max-snippet:-1, max-image-preview:large, max-video-preview:-1\" \/>\n<link rel=\"canonical\" href=\"http:\/\/puericantores.pl\/?p=90\" \/>\n<meta property=\"og:locale\" content=\"pl_PL\" \/>\n<meta property=\"og:type\" content=\"article\" \/>\n<meta property=\"og:title\" content=\"XI Kongres Polskiej Federacji Pueri Cantores ju\u017c pod koniec lipca w Krakowie. - Polska Federacja Pueri Cantores\" \/>\n<meta property=\"og:description\" content=\"Po przerwie spowodowanej pandemi\u0105 Kongres Polskiej Federacji Pueri Cantores powraca zezdwojon\u0105 si\u0142\u0105!&nbsp;IX edycja Kongresu odb\u0119dzie si\u0119 w stolicy Ma\u0142opolski. Do miasta kr\u00f3l\u00f3w przyb\u0119dzie 21roz\u015bpiewanych ch\u00f3r\u00f3w z ca\u0142ej Polski &hellip;\" \/>\n<meta property=\"og:url\" content=\"http:\/\/puericantores.pl\/?p=90\" \/>\n<meta property=\"og:site_name\" content=\"Polska Federacja Pueri Cantores\" \/>\n<meta property=\"article:published_time\" content=\"2022-10-23T21:57:57+00:00\" \/>\n<meta property=\"article:modified_time\" content=\"2022-10-24T20:25:28+00:00\" \/>\n<meta property=\"og:image\" content=\"http:\/\/testpc.pc-limanowa.pl\/wordpress_test_pc\/wp-content\/uploads\/2022\/08\/pueri-final2-krajowy-644x1024.png\" \/>\n<meta name=\"author\" content=\"dorota\" \/>\n<meta name=\"twitter:card\" content=\"summary_large_image\" \/>\n<meta name=\"twitter:label1\" content=\"Napisane przez\" \/>\n\t<meta name=\"twitter:data1\" content=\"dorota\" \/>\n\t<meta name=\"twitter:label2\" content=\"Szacowany czas czytania\" \/>\n\t<meta name=\"twitter:data2\" content=\"2 minuty\" \/>\n<script type=\"application\/ld+json\" class=\"yoast-schema-graph\">{\"@context\":\"https:\/\/schema.org\",\"@graph\":[{\"@type\":\"Article\",\"@id\":\"http:\/\/puericantores.pl\/?p=90#article\",\"isPartOf\":{\"@id\":\"http:\/\/puericantores.pl\/?p=90\"},\"author\":{\"name\":\"dorota\",\"@id\":\"http:\/\/puericantores.pl\/#\/schema\/person\/72db931f5f86651a459edf81c628993c\"},\"headline\":\"XI Kongres Polskiej Federacji Pueri Cantores ju\u017c pod koniec lipca w Krakowie.\",\"datePublished\":\"2022-10-23T21:57:57+00:00\",\"dateModified\":\"2022-10-24T20:25:28+00:00\",\"mainEntityOfPage\":{\"@id\":\"http:\/\/puericantores.pl\/?p=90\"},\"wordCount\":300,\"publisher\":{\"@id\":\"http:\/\/puericantores.pl\/#organization\"},\"image\":{\"@id\":\"http:\/\/puericantores.pl\/?p=90#primaryimage\"},\"thumbnailUrl\":\"http:\/\/testpc.pc-limanowa.pl\/wordpress_test_pc\/wp-content\/uploads\/2022\/08\/pueri-final2-krajowy-644x1024.png\",\"inLanguage\":\"pl-PL\"},{\"@type\":\"WebPage\",\"@id\":\"http:\/\/puericantores.pl\/?p=90\",\"url\":\"http:\/\/puericantores.pl\/?p=90\",\"name\":\"XI Kongres Polskiej Federacji Pueri Cantores ju\u017c pod koniec lipca w Krakowie. - Polska Federacja Pueri Cantores\",\"isPartOf\":{\"@id\":\"http:\/\/puericantores.pl\/#website\"},\"primaryImageOfPage\":{\"@id\":\"http:\/\/puericantores.pl\/?p=90#primaryimage\"},\"image\":{\"@id\":\"http:\/\/puericantores.pl\/?p=90#primaryimage\"},\"thumbnailUrl\":\"http:\/\/testpc.pc-limanowa.pl\/wordpress_test_pc\/wp-content\/uploads\/2022\/08\/pueri-final2-krajowy-644x1024.png\",\"datePublished\":\"2022-10-23T21:57:57+00:00\",\"dateModified\":\"2022-10-24T20:25:28+00:00\",\"breadcrumb\":{\"@id\":\"http:\/\/puericantores.pl\/?p=90#breadcrumb\"},\"inLanguage\":\"pl-PL\",\"potentialAction\":[{\"@type\":\"ReadAction\",\"target\":[\"http:\/\/puericantores.pl\/?p=90\"]}]},{\"@type\":\"ImageObject\",\"inLanguage\":\"pl-PL\",\"@id\":\"http:\/\/puericantores.pl\/?p=90#primaryimage\",\"url\":\"http:\/\/testpc.pc-limanowa.pl\/wordpress_test_pc\/wp-content\/uploads\/2022\/08\/pueri-final2-krajowy-644x1024.png\",\"contentUrl\":\"http:\/\/testpc.pc-limanowa.pl\/wordpress_test_pc\/wp-content\/uploads\/2022\/08\/pueri-final2-krajowy-644x1024.png\"},{\"@type\":\"BreadcrumbList\",\"@id\":\"http:\/\/puericantores.pl\/?p=90#breadcrumb\",\"itemListElement\":[{\"@type\":\"ListItem\",\"position\":1,\"name\":\"Home\",\"item\":\"http:\/\/puericantores.pl\/\"},{\"@type\":\"ListItem\",\"position\":2,\"name\":\"XI Kongres Polskiej Federacji Pueri Cantores ju\u017c pod koniec lipca w Krakowie.\"}]},{\"@type\":\"WebSite\",\"@id\":\"http:\/\/puericantores.pl\/#website\",\"url\":\"http:\/\/puericantores.pl\/\",\"name\":\"Polska Federacja Pueri Cantores\",\"description\":\"\",\"publisher\":{\"@id\":\"http:\/\/puericantores.pl\/#organization\"},\"potentialAction\":[{\"@type\":\"SearchAction\",\"target\":{\"@type\":\"EntryPoint\",\"urlTemplate\":\"http:\/\/puericantores.pl\/?s={search_term_string}\"},\"query-input\":{\"@type\":\"PropertyValueSpecification\",\"valueRequired\":true,\"valueName\":\"search_term_string\"}}],\"inLanguage\":\"pl-PL\"},{\"@type\":\"Organization\",\"@id\":\"http:\/\/puericantores.pl\/#organization\",\"name\":\"Polska Federacja Pueri Cantores\",\"url\":\"http:\/\/puericantores.pl\/\",\"logo\":{\"@type\":\"ImageObject\",\"inLanguage\":\"pl-PL\",\"@id\":\"http:\/\/puericantores.pl\/#\/schema\/logo\/image\/\",\"url\":\"http:\/\/puericantores.pl\/wp-content\/uploads\/2022\/10\/cropped-cropped-pueri.png\",\"contentUrl\":\"http:\/\/puericantores.pl\/wp-content\/uploads\/2022\/10\/cropped-cropped-pueri.png\",\"width\":512,\"height\":512,\"caption\":\"Polska Federacja Pueri Cantores\"},\"image\":{\"@id\":\"http:\/\/puericantores.pl\/#\/schema\/logo\/image\/\"}},{\"@type\":\"Person\",\"@id\":\"http:\/\/puericantores.pl\/#\/schema\/person\/72db931f5f86651a459edf81c628993c\",\"name\":\"dorota\",\"sameAs\":[\"http:\/\/puericantores.pl\"],\"url\":\"http:\/\/puericantores.pl\/?author=1\"}]}<\/script>\n<!-- \/ Yoast SEO plugin. -->","yoast_head_json":{"title":"XI Kongres Polskiej Federacji Pueri Cantores ju\u017c pod koniec lipca w Krakowie. - Polska Federacja Pueri Cantores","robots":{"index":"index","follow":"follow","max-snippet":"max-snippet:-1","max-image-preview":"max-image-preview:large","max-video-preview":"max-video-preview:-1"},"canonical":"http:\/\/puericantores.pl\/?p=90","og_locale":"pl_PL","og_type":"article","og_title":"XI Kongres Polskiej Federacji Pueri Cantores ju\u017c pod koniec lipca w Krakowie. - Polska Federacja Pueri Cantores","og_description":"Po przerwie spowodowanej pandemi\u0105 Kongres Polskiej Federacji Pueri Cantores powraca zezdwojon\u0105 si\u0142\u0105!&nbsp;IX edycja Kongresu odb\u0119dzie si\u0119 w stolicy Ma\u0142opolski. Do miasta kr\u00f3l\u00f3w przyb\u0119dzie 21roz\u015bpiewanych ch\u00f3r\u00f3w z ca\u0142ej Polski &hellip;","og_url":"http:\/\/puericantores.pl\/?p=90","og_site_name":"Polska Federacja Pueri Cantores","article_published_time":"2022-10-23T21:57:57+00:00","article_modified_time":"2022-10-24T20:25:28+00:00","og_image":[{"url":"http:\/\/testpc.pc-limanowa.pl\/wordpress_test_pc\/wp-content\/uploads\/2022\/08\/pueri-final2-krajowy-644x1024.png","type":"","width":"","height":""}],"author":"dorota","twitter_card":"summary_large_image","twitter_misc":{"Napisane przez":"dorota","Szacowany czas czytania":"2 minuty"},"schema":{"@context":"https:\/\/schema.org","@graph":[{"@type":"Article","@id":"http:\/\/puericantores.pl\/?p=90#article","isPartOf":{"@id":"http:\/\/puericantores.pl\/?p=90"},"author":{"name":"dorota","@id":"http:\/\/puericantores.pl\/#\/schema\/person\/72db931f5f86651a459edf81c628993c"},"headline":"XI Kongres Polskiej Federacji Pueri Cantores ju\u017c pod koniec lipca w Krakowie.","datePublished":"2022-10-23T21:57:57+00:00","dateModified":"2022-10-24T20:25:28+00:00","mainEntityOfPage":{"@id":"http:\/\/puericantores.pl\/?p=90"},"wordCount":300,"publisher":{"@id":"http:\/\/puericantores.pl\/#organization"},"image":{"@id":"http:\/\/puericantores.pl\/?p=90#primaryimage"},"thumbnailUrl":"http:\/\/testpc.pc-limanowa.pl\/wordpress_test_pc\/wp-content\/uploads\/2022\/08\/pueri-final2-krajowy-644x1024.png","inLanguage":"pl-PL"},{"@type":"WebPage","@id":"http:\/\/puericantores.pl\/?p=90","url":"http:\/\/puericantores.pl\/?p=90","name":"XI Kongres Polskiej Federacji Pueri Cantores ju\u017c pod koniec lipca w Krakowie. - Polska Federacja Pueri Cantores","isPartOf":{"@id":"http:\/\/puericantores.pl\/#website"},"primaryImageOfPage":{"@id":"http:\/\/puericantores.pl\/?p=90#primaryimage"},"image":{"@id":"http:\/\/puericantores.pl\/?p=90#primaryimage"},"thumbnailUrl":"http:\/\/testpc.pc-limanowa.pl\/wordpress_test_pc\/wp-content\/uploads\/2022\/08\/pueri-final2-krajowy-644x1024.png","datePublished":"2022-10-23T21:57:57+00:00","dateModified":"2022-10-24T20:25:28+00:00","breadcrumb":{"@id":"http:\/\/puericantores.pl\/?p=90#breadcrumb"},"inLanguage":"pl-PL","potentialAction":[{"@type":"ReadAction","target":["http:\/\/puericantores.pl\/?p=90"]}]},{"@type":"ImageObject","inLanguage":"pl-PL","@id":"http:\/\/puericantores.pl\/?p=90#primaryimage","url":"http:\/\/testpc.pc-limanowa.pl\/wordpress_test_pc\/wp-content\/uploads\/2022\/08\/pueri-final2-krajowy-644x1024.png","contentUrl":"http:\/\/testpc.pc-limanowa.pl\/wordpress_test_pc\/wp-content\/uploads\/2022\/08\/pueri-final2-krajowy-644x1024.png"},{"@type":"BreadcrumbList","@id":"http:\/\/puericantores.pl\/?p=90#breadcrumb","itemListElement":[{"@type":"ListItem","position":1,"name":"Home","item":"http:\/\/puericantores.pl\/"},{"@type":"ListItem","position":2,"name":"XI Kongres Polskiej Federacji Pueri Cantores ju\u017c pod koniec lipca w Krakowie."}]},{"@type":"WebSite","@id":"http:\/\/puericantores.pl\/#website","url":"http:\/\/puericantores.pl\/","name":"Polska Federacja Pueri Cantores","description":"","publisher":{"@id":"http:\/\/puericantores.pl\/#organization"},"potentialAction":[{"@type":"SearchAction","target":{"@type":"EntryPoint","urlTemplate":"http:\/\/puericantores.pl\/?s={search_term_string}"},"query-input":{"@type":"PropertyValueSpecification","valueRequired":true,"valueName":"search_term_string"}}],"inLanguage":"pl-PL"},{"@type":"Organization","@id":"http:\/\/puericantores.pl\/#organization","name":"Polska Federacja Pueri Cantores","url":"http:\/\/puericantores.pl\/","logo":{"@type":"ImageObject","inLanguage":"pl-PL","@id":"http:\/\/puericantores.pl\/#\/schema\/logo\/image\/","url":"http:\/\/puericantores.pl\/wp-content\/uploads\/2022\/10\/cropped-cropped-pueri.png","contentUrl":"http:\/\/puericantores.pl\/wp-content\/uploads\/2022\/10\/cropped-cropped-pueri.png","width":512,"height":512,"caption":"Polska Federacja Pueri Cantores"},"image":{"@id":"http:\/\/puericantores.pl\/#\/schema\/logo\/image\/"}},{"@type":"Person","@id":"http:\/\/puericantores.pl\/#\/schema\/person\/72db931f5f86651a459edf81c628993c","name":"dorota","sameAs":["http:\/\/puericantores.pl"],"url":"http:\/\/puericantores.pl\/?author=1"}]}},"_links":{"self":[{"href":"http:\/\/puericantores.pl\/index.php?rest_route=\/wp\/v2\/posts\/90","targetHints":{"allow":["GET"]}}],"collection":[{"href":"http:\/\/puericantores.pl\/index.php?rest_route=\/wp\/v2\/posts"}],"about":[{"href":"http:\/\/puericantores.pl\/index.php?rest_route=\/wp\/v2\/types\/post"}],"author":[{"embeddable":true,"href":"http:\/\/puericantores.pl\/index.php?rest_route=\/wp\/v2\/users\/1"}],"replies":[{"embeddable":true,"href":"http:\/\/puericantores.pl\/index.php?rest_route=%2Fwp%2Fv2%2Fcomments&post=90"}],"version-history":[{"count":1,"href":"http:\/\/puericantores.pl\/index.php?rest_route=\/wp\/v2\/posts\/90\/revisions"}],"predecessor-version":[{"id":91,"href":"http:\/\/puericantores.pl\/index.php?rest_route=\/wp\/v2\/posts\/90\/revisions\/91"}],"wp:attachment":[{"href":"http:\/\/puericantores.pl\/index.php?rest_route=%2Fwp%2Fv2%2Fmedia&parent=90"}],"wp:term":[{"taxonomy":"category","embeddable":true,"href":"http:\/\/puericantores.pl\/index.php?rest_route=%2Fwp%2Fv2%2Fcategories&post=90"},{"taxonomy":"post_tag","embeddable":true,"href":"http:\/\/puericantores.pl\/index.php?rest_route=%2Fwp%2Fv2%2Ftags&post=90"}],"curies":[{"name":"wp","href":"https:\/\/api.w.org\/{rel}","templated":true}]}}