{"id":94,"date":"2022-10-23T23:59:34","date_gmt":"2022-10-23T21:59:34","guid":{"rendered":"http:\/\/puericantores.pl\/?p=94"},"modified":"2022-10-24T22:25:27","modified_gmt":"2022-10-24T20:25:27","slug":"plan-xi-kongresu-pueri-cantores","status":"publish","type":"post","link":"http:\/\/puericantores.pl\/?p=94","title":{"rendered":"Plan XI Kongresu Pueri Cantores"},"content":{"rendered":"\n<p>Przedstawiamy Plan XI Kongresu Pueri Cantores w Krakowie<br> <br><strong>PLAN XI KRAJOWEGO KONGRESU POLSKIEJ FEDERACJI PUERI CANTORES<\/strong><br><br><strong>28.07 KONCERTY W REGIONIE<\/strong><br><strong>Tarn\u00f3w \u2013 godz. 19.00<\/strong><br><strong>Bazylika Katedralna Narodzenia NMP<\/strong><br><strong>plac Katedralny 5<\/strong><br><strong>Koncert jubileuszowy z okazji 30. rocznicy powstania Polskiej Federacji Pueri Cantores<\/strong><br>Schola Cantorum Misericordis Christi&nbsp;\u2013 Bia\u0142a Podlaska<br>Ch\u00f3r Uniwersytetu Papieskiego Jana Paw\u0142a II&nbsp;Psalmodia&nbsp;\u2013 Krak\u00f3w<br>Ch\u00f3r Filharmonii Krakowskiej<br>Orkiestra Filharmonii Krakowskiej<br><br><strong>Olkusz \u2013 godz. 19.00<\/strong><br><strong>Bazylika \u015bw. Andrzeja Aposto\u0142a<\/strong><br><strong>ul. Szpitalna 1<\/strong><br>ch\u00f3r Pueri Claromontani \u2013 Cz\u0119stochowa<br><br><strong>Nowy S\u0105cz \u2013 godz. 19.00<\/strong><br><strong>Bazylika \u015bw. Ma\u0142gorzaty<\/strong><br><strong>pl. Kolegiacki 1<\/strong><br>Pozna\u0144ski Ch\u00f3r Katedralny \u2013 Pozna\u0144<br><br><strong>Zakopane \u2013 godz. 18.00<\/strong><br><strong>Ko\u015bci\u00f3\u0142 \u015bw. Krzy\u017ca<\/strong><br><strong>ul. Tytusa Cha\u0142ubi\u0144skiego 30<\/strong><br>ch\u00f3r&nbsp;Pueri et Puelle Plocenses&nbsp;\u2013 P\u0142ock<br><br><br><\/p>\n\n\n\n<hr style=\"height:2px;color:gray;background-color:gray\" ;=\"\" class=\"wp-block-separator\">\n\n\n\n<p><strong>29.07 PI\u0104TEK<\/strong><br><strong>17:00<\/strong>&nbsp;Inauguracja Kongresu na dziedzi\u0144cu zamku kr\u00f3lewskiego na Wawelu \u2013 przemarsz drog\u0105 kr\u00f3lewsk\u0105 do Filharmonii<br><strong>18:30<\/strong>&nbsp;Koncert galowy w FK<\/p>\n\n\n\n<p><br><\/p>\n\n\n\n<p><strong>30.07 SOBOTA<\/strong><br><strong>10:00<\/strong>&nbsp;Zwiedzanie miasta &#8211; gra miejska ze Skautami Europy<br><strong>12:30<\/strong>&nbsp;Modlitwa o pok\u00f3j \u2013 Ko\u015bci\u00f3\u0142 Mariacki<br><strong>14:30-17:00<\/strong>&nbsp;Piknik ch\u00f3ralny w parku \u201eWioski \u015awiata\u201d<br><strong>wieczorem \u2013 NOC CH\u00d3R\u00d3W<\/strong> (koncerty w ko\u015bcio\u0142ach Krakowa)<\/p>\n\n\n\n<p><strong>1) Bazylika \u015awi\u0119tej Tr\u00f3jcy (oo. Dominikanie) \u2013 godz. 20.30<\/strong><br><strong>ul. Stolarska 12<\/strong><br>ch\u00f3r&nbsp;Pueri et Puelle Plocenses&nbsp;\u2013 P\u0142ock<br>ch\u00f3r&nbsp;Inovroclaviensis Cantans&nbsp;\u2013 Inowroc\u0142aw<\/p>\n\n\n\n<p><strong>2) Bazylika \u015bw. Franciszka z Asy\u017cu (oo. Franciszkanie Konwentualni) \u2013 godz. 20.00<\/strong><br><strong>pl. Wszystkich \u015awi\u0119tych 5<\/strong><br>Ch\u00f3r Jasnog\u00f3rskiej Szko\u0142y Muzycznej \u2013 Cz\u0119stochowa<br>Ch\u00f3r parafialny Verum Cantus &#8211; Mi\u0144sk (Bia\u0142oru\u015b)<br><br><strong>3) Ko\u015bci\u00f3\u0142 \u015bw. J\u00f3zefa na Podg\u00f3rzu \u2013 godz. 19.30<\/strong><br><strong>ul. Jana Zamoyskiego 2<\/strong><br>M\u0142odzie\u017cowy Ch\u00f3r Miejski&nbsp;Canticum Novum&nbsp;\u2013 Wodzis\u0142aw \u015al\u0105ski<br>ch\u00f3r&nbsp;Cantores Minores&nbsp;&#8211; Warszawa<\/p>\n\n\n\n<p><strong>4) Katedra Wawelska \u2013 godz. 18.30<\/strong><br><strong>Wawel 3<\/strong><br>Pozna\u0144ski Ch\u00f3r Katedralny \u2013 Pozna\u0144<br>ch\u00f3r&nbsp;Canticum Novum&nbsp;&#8211; Szuszec<\/p>\n\n\n\n<p><strong>5) Bazylika \u015bw. Micha\u0142a Archanio\u0142a i \u015bw. Stanis\u0142awa Biskupa i M\u0119czennika (oo. Paulini na Ska\u0142ce) \u2013 godz. 20.00<\/strong><br><strong>ul. Ska\u0142eczna 15<\/strong><br>ch\u00f3r&nbsp;Paradiso&nbsp;&#8211; Pozna\u0144<br>ch\u00f3r&nbsp;Pueri Claromontani&nbsp;\u2013 Cz\u0119stochowa<\/p>\n\n\n\n<p><strong>6)&nbsp; Kolegiata \u015bw. Anny \u2013 godz. 20.30<\/strong><br><strong>ul. \u015bw. Anny 11<\/strong><br>Ch\u00f3r szkolny Pad\u00e1nyi Schola Catholica \u2013 Veszpr\u00e9m (W\u0119gry)<br>Ch\u00f3r Szk\u00f3\u0142 Si\u00f3str Prezentek &#8211; Krak\u00f3w<br><br><strong>7) Ko\u015bci\u00f3\u0142 \u015bw. Piotra i Paw\u0142a \u2013 godz. 19.00<\/strong><br><strong>ul. Grodzka 52A<\/strong><br>Ch\u00f3r Uniwersytetu Jana Paw\u0142a II&nbsp;Psalmodia&nbsp;\u2013 Krak\u00f3w<\/p>\n\n\n\n<p><strong>8) Bazylika Naj\u015bwi\u0119tszego Serca Pana Jezusa (oo. Jezuici) \u2013 godz. 19.00<\/strong><br><strong>ul. Kopernika 26<\/strong><br>ch\u00f3r&nbsp;Pueri Cantores Tarnovienses&nbsp;&#8211; Tarn\u00f3w<br>Vox Mirabilis&nbsp;Chamber choir \u2013 Sz\u00e9kesfeh\u00e9rv\u00e1r (W\u0119gry)<\/p>\n\n\n\n<p><strong>9)&nbsp;19.00&nbsp;koncert w&nbsp;Wadowicach<\/strong><br><strong>Bazylika i Parafia Ofiarowania Naj\u015bwi\u0119tszej Maryi Panny<\/strong><br><strong>pl. Jana Paw\u0142a II 1<\/strong><br>Schola Cantorum Misericordis Christi&nbsp;\u2013 Bia\u0142a Podlaska<br>Piotr Arseniuk \u2013 recital organowy                                                                                                                                                                                                                                                                                     <\/p>\n\n\n\n<p><br><\/p>\n\n\n\n<p><strong>31.07 NIEDZIELA<\/strong><br><strong>12:30<\/strong>&nbsp;Msza \u015awi\u0119ta na zako\u0144czenie w Sanktuarium \u015bw. Jana Paw\u0142a II<br><strong>18:00<\/strong>&nbsp;Koncert specjalny na zako\u0144czenie Festiwalu Ch\u00f3r\u00f3w Ch\u0142opi\u0119cych&nbsp;w Filharmonii Krakowskiej<br>Pozna\u0144ski Ch\u00f3r Katedralny \u2013 Pozna\u0144<br>ch\u00f3r&nbsp;Pueri et Puelle Plocenses&nbsp;\u2013 P\u0142ock<\/p>\n","protected":false},"excerpt":{"rendered":"<p>Przedstawiamy Plan XI Kongresu Pueri Cantores w Krakowie PLAN XI KRAJOWEGO KONGRESU POLSKIEJ FEDERACJI PUERI CANTORES 28.07 KONCERTY W REGIONIETarn\u00f3w \u2013 godz. 19.00Bazylika Katedralna Narodzenia NMPplac Katedralny 5Koncert &hellip;<\/p>\n","protected":false},"author":1,"featured_media":0,"comment_status":"closed","ping_status":"open","sticky":false,"template":"","format":"standard","meta":{"footnotes":""},"categories":[1],"tags":[],"class_list":["post-94","post","type-post","status-publish","format-standard","hentry","category-bez-kategorii"],"yoast_head":"<!-- This site is optimized with the Yoast SEO plugin v25.5 - https:\/\/yoast.com\/wordpress\/plugins\/seo\/ -->\n<title>Plan XI Kongresu Pueri Cantores - Polska Federacja Pueri Cantores<\/title>\n<meta name=\"robots\" content=\"index, follow, max-snippet:-1, max-image-preview:large, max-video-preview:-1\" \/>\n<link rel=\"canonical\" href=\"https:\/\/puericantores.pl\/?p=94\" \/>\n<meta property=\"og:locale\" content=\"pl_PL\" \/>\n<meta property=\"og:type\" content=\"article\" \/>\n<meta property=\"og:title\" content=\"Plan XI Kongresu Pueri Cantores - Polska Federacja Pueri Cantores\" \/>\n<meta property=\"og:description\" content=\"Przedstawiamy Plan XI Kongresu Pueri Cantores w Krakowie PLAN XI KRAJOWEGO KONGRESU POLSKIEJ FEDERACJI PUERI CANTORES 28.07 KONCERTY W REGIONIETarn\u00f3w \u2013 godz. 19.00Bazylika Katedralna Narodzenia NMPplac Katedralny 5Koncert &hellip;\" \/>\n<meta property=\"og:url\" content=\"https:\/\/puericantores.pl\/?p=94\" \/>\n<meta property=\"og:site_name\" content=\"Polska Federacja Pueri Cantores\" \/>\n<meta property=\"article:published_time\" content=\"2022-10-23T21:59:34+00:00\" \/>\n<meta property=\"article:modified_time\" content=\"2022-10-24T20:25:27+00:00\" \/>\n<meta name=\"author\" content=\"dorota\" \/>\n<meta name=\"twitter:card\" content=\"summary_large_image\" \/>\n<meta name=\"twitter:label1\" content=\"Napisane przez\" \/>\n\t<meta name=\"twitter:data1\" content=\"dorota\" \/>\n\t<meta name=\"twitter:label2\" content=\"Szacowany czas czytania\" \/>\n\t<meta name=\"twitter:data2\" content=\"2 minuty\" \/>\n<script type=\"application\/ld+json\" class=\"yoast-schema-graph\">{\"@context\":\"https:\/\/schema.org\",\"@graph\":[{\"@type\":\"Article\",\"@id\":\"https:\/\/puericantores.pl\/?p=94#article\",\"isPartOf\":{\"@id\":\"https:\/\/puericantores.pl\/?p=94\"},\"author\":{\"name\":\"dorota\",\"@id\":\"http:\/\/puericantores.pl\/#\/schema\/person\/72db931f5f86651a459edf81c628993c\"},\"headline\":\"Plan XI Kongresu Pueri Cantores\",\"datePublished\":\"2022-10-23T21:59:34+00:00\",\"dateModified\":\"2022-10-24T20:25:27+00:00\",\"mainEntityOfPage\":{\"@id\":\"https:\/\/puericantores.pl\/?p=94\"},\"wordCount\":492,\"publisher\":{\"@id\":\"http:\/\/puericantores.pl\/#organization\"},\"inLanguage\":\"pl-PL\"},{\"@type\":\"WebPage\",\"@id\":\"https:\/\/puericantores.pl\/?p=94\",\"url\":\"https:\/\/puericantores.pl\/?p=94\",\"name\":\"Plan XI Kongresu Pueri Cantores - Polska Federacja Pueri Cantores\",\"isPartOf\":{\"@id\":\"http:\/\/puericantores.pl\/#website\"},\"datePublished\":\"2022-10-23T21:59:34+00:00\",\"dateModified\":\"2022-10-24T20:25:27+00:00\",\"breadcrumb\":{\"@id\":\"https:\/\/puericantores.pl\/?p=94#breadcrumb\"},\"inLanguage\":\"pl-PL\",\"potentialAction\":[{\"@type\":\"ReadAction\",\"target\":[\"https:\/\/puericantores.pl\/?p=94\"]}]},{\"@type\":\"BreadcrumbList\",\"@id\":\"https:\/\/puericantores.pl\/?p=94#breadcrumb\",\"itemListElement\":[{\"@type\":\"ListItem\",\"position\":1,\"name\":\"Home\",\"item\":\"http:\/\/puericantores.pl\/\"},{\"@type\":\"ListItem\",\"position\":2,\"name\":\"Plan XI Kongresu Pueri Cantores\"}]},{\"@type\":\"WebSite\",\"@id\":\"http:\/\/puericantores.pl\/#website\",\"url\":\"http:\/\/puericantores.pl\/\",\"name\":\"Polska Federacja Pueri Cantores\",\"description\":\"\",\"publisher\":{\"@id\":\"http:\/\/puericantores.pl\/#organization\"},\"potentialAction\":[{\"@type\":\"SearchAction\",\"target\":{\"@type\":\"EntryPoint\",\"urlTemplate\":\"http:\/\/puericantores.pl\/?s={search_term_string}\"},\"query-input\":{\"@type\":\"PropertyValueSpecification\",\"valueRequired\":true,\"valueName\":\"search_term_string\"}}],\"inLanguage\":\"pl-PL\"},{\"@type\":\"Organization\",\"@id\":\"http:\/\/puericantores.pl\/#organization\",\"name\":\"Polska Federacja Pueri Cantores\",\"url\":\"http:\/\/puericantores.pl\/\",\"logo\":{\"@type\":\"ImageObject\",\"inLanguage\":\"pl-PL\",\"@id\":\"http:\/\/puericantores.pl\/#\/schema\/logo\/image\/\",\"url\":\"http:\/\/puericantores.pl\/wp-content\/uploads\/2022\/10\/cropped-cropped-pueri.png\",\"contentUrl\":\"http:\/\/puericantores.pl\/wp-content\/uploads\/2022\/10\/cropped-cropped-pueri.png\",\"width\":512,\"height\":512,\"caption\":\"Polska Federacja Pueri Cantores\"},\"image\":{\"@id\":\"http:\/\/puericantores.pl\/#\/schema\/logo\/image\/\"}},{\"@type\":\"Person\",\"@id\":\"http:\/\/puericantores.pl\/#\/schema\/person\/72db931f5f86651a459edf81c628993c\",\"name\":\"dorota\",\"sameAs\":[\"http:\/\/puericantores.pl\"],\"url\":\"http:\/\/puericantores.pl\/?author=1\"}]}<\/script>\n<!-- \/ Yoast SEO plugin. -->","yoast_head_json":{"title":"Plan XI Kongresu Pueri Cantores - Polska Federacja Pueri Cantores","robots":{"index":"index","follow":"follow","max-snippet":"max-snippet:-1","max-image-preview":"max-image-preview:large","max-video-preview":"max-video-preview:-1"},"canonical":"https:\/\/puericantores.pl\/?p=94","og_locale":"pl_PL","og_type":"article","og_title":"Plan XI Kongresu Pueri Cantores - Polska Federacja Pueri Cantores","og_description":"Przedstawiamy Plan XI Kongresu Pueri Cantores w Krakowie PLAN XI KRAJOWEGO KONGRESU POLSKIEJ FEDERACJI PUERI CANTORES 28.07 KONCERTY W REGIONIETarn\u00f3w \u2013 godz. 19.00Bazylika Katedralna Narodzenia NMPplac Katedralny 5Koncert &hellip;","og_url":"https:\/\/puericantores.pl\/?p=94","og_site_name":"Polska Federacja Pueri Cantores","article_published_time":"2022-10-23T21:59:34+00:00","article_modified_time":"2022-10-24T20:25:27+00:00","author":"dorota","twitter_card":"summary_large_image","twitter_misc":{"Napisane przez":"dorota","Szacowany czas czytania":"2 minuty"},"schema":{"@context":"https:\/\/schema.org","@graph":[{"@type":"Article","@id":"https:\/\/puericantores.pl\/?p=94#article","isPartOf":{"@id":"https:\/\/puericantores.pl\/?p=94"},"author":{"name":"dorota","@id":"http:\/\/puericantores.pl\/#\/schema\/person\/72db931f5f86651a459edf81c628993c"},"headline":"Plan XI Kongresu Pueri Cantores","datePublished":"2022-10-23T21:59:34+00:00","dateModified":"2022-10-24T20:25:27+00:00","mainEntityOfPage":{"@id":"https:\/\/puericantores.pl\/?p=94"},"wordCount":492,"publisher":{"@id":"http:\/\/puericantores.pl\/#organization"},"inLanguage":"pl-PL"},{"@type":"WebPage","@id":"https:\/\/puericantores.pl\/?p=94","url":"https:\/\/puericantores.pl\/?p=94","name":"Plan XI Kongresu Pueri Cantores - Polska Federacja Pueri Cantores","isPartOf":{"@id":"http:\/\/puericantores.pl\/#website"},"datePublished":"2022-10-23T21:59:34+00:00","dateModified":"2022-10-24T20:25:27+00:00","breadcrumb":{"@id":"https:\/\/puericantores.pl\/?p=94#breadcrumb"},"inLanguage":"pl-PL","potentialAction":[{"@type":"ReadAction","target":["https:\/\/puericantores.pl\/?p=94"]}]},{"@type":"BreadcrumbList","@id":"https:\/\/puericantores.pl\/?p=94#breadcrumb","itemListElement":[{"@type":"ListItem","position":1,"name":"Home","item":"http:\/\/puericantores.pl\/"},{"@type":"ListItem","position":2,"name":"Plan XI Kongresu Pueri Cantores"}]},{"@type":"WebSite","@id":"http:\/\/puericantores.pl\/#website","url":"http:\/\/puericantores.pl\/","name":"Polska Federacja Pueri Cantores","description":"","publisher":{"@id":"http:\/\/puericantores.pl\/#organization"},"potentialAction":[{"@type":"SearchAction","target":{"@type":"EntryPoint","urlTemplate":"http:\/\/puericantores.pl\/?s={search_term_string}"},"query-input":{"@type":"PropertyValueSpecification","valueRequired":true,"valueName":"search_term_string"}}],"inLanguage":"pl-PL"},{"@type":"Organization","@id":"http:\/\/puericantores.pl\/#organization","name":"Polska Federacja Pueri Cantores","url":"http:\/\/puericantores.pl\/","logo":{"@type":"ImageObject","inLanguage":"pl-PL","@id":"http:\/\/puericantores.pl\/#\/schema\/logo\/image\/","url":"http:\/\/puericantores.pl\/wp-content\/uploads\/2022\/10\/cropped-cropped-pueri.png","contentUrl":"http:\/\/puericantores.pl\/wp-content\/uploads\/2022\/10\/cropped-cropped-pueri.png","width":512,"height":512,"caption":"Polska Federacja Pueri Cantores"},"image":{"@id":"http:\/\/puericantores.pl\/#\/schema\/logo\/image\/"}},{"@type":"Person","@id":"http:\/\/puericantores.pl\/#\/schema\/person\/72db931f5f86651a459edf81c628993c","name":"dorota","sameAs":["http:\/\/puericantores.pl"],"url":"http:\/\/puericantores.pl\/?author=1"}]}},"_links":{"self":[{"href":"http:\/\/puericantores.pl\/index.php?rest_route=\/wp\/v2\/posts\/94","targetHints":{"allow":["GET"]}}],"collection":[{"href":"http:\/\/puericantores.pl\/index.php?rest_route=\/wp\/v2\/posts"}],"about":[{"href":"http:\/\/puericantores.pl\/index.php?rest_route=\/wp\/v2\/types\/post"}],"author":[{"embeddable":true,"href":"http:\/\/puericantores.pl\/index.php?rest_route=\/wp\/v2\/users\/1"}],"replies":[{"embeddable":true,"href":"http:\/\/puericantores.pl\/index.php?rest_route=%2Fwp%2Fv2%2Fcomments&post=94"}],"version-history":[{"count":1,"href":"http:\/\/puericantores.pl\/index.php?rest_route=\/wp\/v2\/posts\/94\/revisions"}],"predecessor-version":[{"id":95,"href":"http:\/\/puericantores.pl\/index.php?rest_route=\/wp\/v2\/posts\/94\/revisions\/95"}],"wp:attachment":[{"href":"http:\/\/puericantores.pl\/index.php?rest_route=%2Fwp%2Fv2%2Fmedia&parent=94"}],"wp:term":[{"taxonomy":"category","embeddable":true,"href":"http:\/\/puericantores.pl\/index.php?rest_route=%2Fwp%2Fv2%2Fcategories&post=94"},{"taxonomy":"post_tag","embeddable":true,"href":"http:\/\/puericantores.pl\/index.php?rest_route=%2Fwp%2Fv2%2Ftags&post=94"}],"curies":[{"name":"wp","href":"https:\/\/api.w.org\/{rel}","templated":true}]}}